{"id":697,"date":"2016-09-26T14:27:39","date_gmt":"2016-09-26T12:27:39","guid":{"rendered":"http:\/\/jozsa.adventista.hu\/?p=697"},"modified":"2016-09-26T14:28:05","modified_gmt":"2016-09-26T12:28:05","slug":"idopont-valtozas-2","status":"publish","type":"post","link":"https:\/\/jozsa.adventista.hu\/?p=697","title":{"rendered":"ID\u0150PONT V\u00c1LTOZ\u00c1S"},"content":{"rendered":"<p>A hallgat\u00f3ink k\u00e9r\u00e9s\u00e9re a LELKI NAVIG\u00c1CI\u00d3 PROgRAM SOROZAT \u00daJ KEZD\u00c9SI ID\u0150PONTJA 18:00 \u00f3ra.<\/p>\n<p>OKt\u00f3ber 13-\u00e1n 18:00 \u00f3rakor &#8222;GYORSHAJT\u00c1S&#8221; a f\u00e9lelemt\u0151l az elrejtetts\u00e9gig. Gyere \u00e9s hozz magaddal m\u00e9g valakit.<\/p>\n<p><a href=\"http:\/\/jozsa.adventista.hu\/05\/wp-content\/uploads\/2016\/09\/Lelki-navi-18\u00f3ra.jpg\"><img loading=\"lazy\" decoding=\"async\" class=\"aligncenter size-full wp-image-698\" src=\"http:\/\/jozsa.adventista.hu\/05\/wp-content\/uploads\/2016\/09\/Lelki-navi-18\u00f3ra.jpg\" alt=\"lelki-navi-18ora\" width=\"720\" height=\"982\" srcset=\"https:\/\/jozsa.adventista.hu\/05\/wp-content\/uploads\/2016\/09\/Lelki-navi-18\u00f3ra.jpg 720w, https:\/\/jozsa.adventista.hu\/05\/wp-content\/uploads\/2016\/09\/Lelki-navi-18\u00f3ra-220x300.jpg 220w, https:\/\/jozsa.adventista.hu\/05\/wp-content\/uploads\/2016\/09\/Lelki-navi-18\u00f3ra-1x1.jpg 1w\" sizes=\"auto, (max-width: 720px) 100vw, 720px\" \/><\/a><\/p>\n","protected":false},"excerpt":{"rendered":"<p>A hallgat\u00f3ink k\u00e9r\u00e9s\u00e9re a LELKI NAVIG\u00c1CI\u00d3 PROgRAM SOROZAT \u00daJ KEZD\u00c9SI ID\u0150PONTJA 18:00 \u00f3ra. OKt\u00f3ber 13-\u00e1n 18:00 \u00f3rakor &#8222;GYORSHAJT\u00c1S&#8221; a f\u00e9lelemt\u0151l az elrejtetts\u00e9gig. Gyere \u00e9s hozz magaddal m\u00e9g valakit.<\/p>\n","protected":false},"author":1,"featured_media":0,"comment_status":"open","ping_status":"open","sticky":false,"template":"","format":"standard","meta":{"footnotes":""},"categories":[3],"tags":[],"class_list":["post-697","post","type-post","status-publish","format-standard","hentry","category-news"],"_links":{"self":[{"href":"https:\/\/jozsa.adventista.hu\/index.php?rest_route=\/wp\/v2\/posts\/697","targetHints":{"allow":["GET"]}}],"collection":[{"href":"https:\/\/jozsa.adventista.hu\/index.php?rest_route=\/wp\/v2\/posts"}],"about":[{"href":"https:\/\/jozsa.adventista.hu\/index.php?rest_route=\/wp\/v2\/types\/post"}],"author":[{"embeddable":true,"href":"https:\/\/jozsa.adventista.hu\/index.php?rest_route=\/wp\/v2\/users\/1"}],"replies":[{"embeddable":true,"href":"https:\/\/jozsa.adventista.hu\/index.php?rest_route=%2Fwp%2Fv2%2Fcomments&post=697"}],"version-history":[{"count":1,"href":"https:\/\/jozsa.adventista.hu\/index.php?rest_route=\/wp\/v2\/posts\/697\/revisions"}],"predecessor-version":[{"id":699,"href":"https:\/\/jozsa.adventista.hu\/index.php?rest_route=\/wp\/v2\/posts\/697\/revisions\/699"}],"wp:attachment":[{"href":"https:\/\/jozsa.adventista.hu\/index.php?rest_route=%2Fwp%2Fv2%2Fmedia&parent=697"}],"wp:term":[{"taxonomy":"category","embeddable":true,"href":"https:\/\/jozsa.adventista.hu\/index.php?rest_route=%2Fwp%2Fv2%2Fcategories&post=697"},{"taxonomy":"post_tag","embeddable":true,"href":"https:\/\/jozsa.adventista.hu\/index.php?rest_route=%2Fwp%2Fv2%2Ftags&post=697"}],"curies":[{"name":"wp","href":"https:\/\/api.w.org\/{rel}","templated":true}]}}