{"id":781,"date":"2025-06-13T14:39:06","date_gmt":"2025-06-13T12:39:06","guid":{"rendered":"https:\/\/jozsa.adventista.hu\/?p=781"},"modified":"2025-06-13T14:52:57","modified_gmt":"2025-06-13T12:52:57","slug":"kek-zonak-klub","status":"publish","type":"post","link":"http:\/\/jozsa.adventista.hu\/?p=781","title":{"rendered":"K\u00c9K Z\u00d3N\u00c1K KLUB"},"content":{"rendered":"\n<figure class=\"wp-block-embed is-type-wp-embed is-provider-canva wp-block-embed-canva\"><div class=\"wp-block-embed__wrapper\">\n<iframe loading=\"lazy\" title=\"Flyer - For Health with Lifestyle and Community Support\" src=\"https:\/\/www.canva.com\/design\/DAGqLCXamD8\/ka4DOpEI2mQDCbJk9zRMyg\/view?embed&amp;meta\" height=\"816\" width=\"528\" style=\"border: none; border-radius: 8px; width: 528px; height: 816px;\" allowfullscreen=\"allowfullscreen\" allow=\"fullscreen\"><\/iframe>\n<\/div><\/figure>\n\n\n\n<p><strong>Minden \u00e9rdekl\u0151d\u0151t szeretettel v\u00e1runk a havonta megrendez\u00e9sre ker\u00fcl\u0151 K\u00e9k Z\u00f3n\u00e1k \u00c9letm\u00f3d Klubba!<\/strong><br>&#x1f331; <strong>T\u00e9m\u00e1ink:<\/strong> eg\u00e9szs\u00e9ges \u00e9telek, receptcsere, \u00e9telk\u00f3stol\u00f3, \u00e9letm\u00f3d-tan\u00e1csad\u00e1s \u00e9s a ment\u00e1lis eg\u00e9szs\u00e9g t\u00e1mogat\u00e1sa \u2013 k\u00f6tetlen, inspir\u00e1l\u00f3 l\u00e9gk\u00f6rben.<\/p>\n\n\n\n<p>&#x1f4c5; <strong>K\u00f6vetkez\u0151 alkalom:<\/strong> 2025. j\u00falius 10. (cs\u00fct\u00f6rt\u00f6k) 18:00<br>&#x1f4cd; <strong>Helysz\u00edn:<\/strong> J\u00f3zsa, V\u00f6lgy utca 33\/A<\/p>\n\n\n\n<p>Ha szeretn\u00e9l \u00e9rtes\u00fclni a tov\u00e1bbi id\u0151pontokr\u00f3l, k\u00e9rd\u00e9sed van, vagy sz\u00edvesen seg\u00edten\u00e9l a finoms\u00e1gok elk\u00e9sz\u00edt\u00e9s\u00e9ben, h\u00edvj b\u00e1tran:<br>&#x1f4de; <strong>+36 30 664 3184<\/strong><\/p>\n\n\n\n<p><\/p>\n","protected":false},"excerpt":{"rendered":"<p>Minden \u00e9rdekl\u0151d\u0151t szeretettel v\u00e1runk a havonta megrendez\u00e9sre ker\u00fcl\u0151 K\u00e9k Z\u00f3n\u00e1k \u00c9letm\u00f3d Klubba!&#x1f331; T\u00e9m\u00e1ink: eg\u00e9szs\u00e9ges \u00e9telek, receptcsere, \u00e9telk\u00f3stol\u00f3, \u00e9letm\u00f3d-tan\u00e1csad\u00e1s \u00e9s a ment\u00e1lis eg\u00e9szs\u00e9g t\u00e1mogat\u00e1sa \u2013 k\u00f6tetlen, inspir\u00e1l\u00f3 l\u00e9gk\u00f6rben. &#x1f4c5; K\u00f6vetkez\u0151 alkalom: 2025. j\u00falius 10. (cs\u00fct\u00f6rt\u00f6k) 18:00&#x1f4cd; Helysz\u00edn: J\u00f3zsa, V\u00f6lgy utca 33\/A Ha szeretn\u00e9l \u00e9rtes\u00fclni a tov\u00e1bbi id\u0151pontokr\u00f3l, k\u00e9rd\u00e9sed van, vagy sz\u00edvesen seg\u00edten\u00e9l a finoms\u00e1gok elk\u00e9sz\u00edt\u00e9s\u00e9ben, h\u00edvj [&hellip;]<\/p>\n","protected":false},"author":1,"featured_media":0,"comment_status":"open","ping_status":"open","sticky":false,"template":"","format":"standard","meta":{"footnotes":""},"categories":[1],"tags":[],"class_list":["post-781","post","type-post","status-publish","format-standard","hentry","category-egyeb"],"_links":{"self":[{"href":"http:\/\/jozsa.adventista.hu\/index.php?rest_route=\/wp\/v2\/posts\/781","targetHints":{"allow":["GET"]}}],"collection":[{"href":"http:\/\/jozsa.adventista.hu\/index.php?rest_route=\/wp\/v2\/posts"}],"about":[{"href":"http:\/\/jozsa.adventista.hu\/index.php?rest_route=\/wp\/v2\/types\/post"}],"author":[{"embeddable":true,"href":"http:\/\/jozsa.adventista.hu\/index.php?rest_route=\/wp\/v2\/users\/1"}],"replies":[{"embeddable":true,"href":"http:\/\/jozsa.adventista.hu\/index.php?rest_route=%2Fwp%2Fv2%2Fcomments&post=781"}],"version-history":[{"count":6,"href":"http:\/\/jozsa.adventista.hu\/index.php?rest_route=\/wp\/v2\/posts\/781\/revisions"}],"predecessor-version":[{"id":789,"href":"http:\/\/jozsa.adventista.hu\/index.php?rest_route=\/wp\/v2\/posts\/781\/revisions\/789"}],"wp:attachment":[{"href":"http:\/\/jozsa.adventista.hu\/index.php?rest_route=%2Fwp%2Fv2%2Fmedia&parent=781"}],"wp:term":[{"taxonomy":"category","embeddable":true,"href":"http:\/\/jozsa.adventista.hu\/index.php?rest_route=%2Fwp%2Fv2%2Fcategories&post=781"},{"taxonomy":"post_tag","embeddable":true,"href":"http:\/\/jozsa.adventista.hu\/index.php?rest_route=%2Fwp%2Fv2%2Ftags&post=781"}],"curies":[{"name":"wp","href":"https:\/\/api.w.org\/{rel}","templated":true}]}}