{"id":750,"date":"2017-10-22T13:01:19","date_gmt":"2017-10-22T11:01:19","guid":{"rendered":"http:\/\/jozsa.adventista.hu\/?p=750"},"modified":"2017-10-22T13:01:19","modified_gmt":"2017-10-22T11:01:19","slug":"ki-a-sotartobol","status":"publish","type":"post","link":"http:\/\/jozsa.adventista.hu\/?p=750","title":{"rendered":"Ki a s\u00f3tart\u00f3bol"},"content":{"rendered":"<p>2018. okt\u00f3ber 28-\u00e1n szombaton az istentisztelet\u00fcnk a Lovard\u00e1ban lesz megtartva. Mindenkit szeretettel v\u00e1runk!<\/p>\n<p><a href=\"http:\/\/jozsa.adventista.hu\/05\/wp-content\/uploads\/2017\/10\/ki-a-s\u00f3tart\u00f3bol-2017-okt\u00f3ber-28-plak\u00e1t.jpg\"><img loading=\"lazy\" decoding=\"async\" class=\"aligncenter size-full wp-image-751\" src=\"http:\/\/jozsa.adventista.hu\/05\/wp-content\/uploads\/2017\/10\/ki-a-s\u00f3tart\u00f3bol-2017-okt\u00f3ber-28-plak\u00e1t.jpg\" alt=\"ki a s\u00f3tart\u00f3bol 2017 okt\u00f3ber 28 plak\u00e1t\" width=\"678\" height=\"960\" srcset=\"http:\/\/jozsa.adventista.hu\/05\/wp-content\/uploads\/2017\/10\/ki-a-s\u00f3tart\u00f3bol-2017-okt\u00f3ber-28-plak\u00e1t.jpg 678w, http:\/\/jozsa.adventista.hu\/05\/wp-content\/uploads\/2017\/10\/ki-a-s\u00f3tart\u00f3bol-2017-okt\u00f3ber-28-plak\u00e1t-212x300.jpg 212w, http:\/\/jozsa.adventista.hu\/05\/wp-content\/uploads\/2017\/10\/ki-a-s\u00f3tart\u00f3bol-2017-okt\u00f3ber-28-plak\u00e1t-1x1.jpg 1w\" sizes=\"auto, (max-width: 678px) 100vw, 678px\" \/><\/a><\/p>\n","protected":false},"excerpt":{"rendered":"<p>2018. okt\u00f3ber 28-\u00e1n szombaton az istentisztelet\u00fcnk a Lovard\u00e1ban lesz megtartva. Mindenkit szeretettel v\u00e1runk!<\/p>\n","protected":false},"author":1,"featured_media":0,"comment_status":"open","ping_status":"open","sticky":false,"template":"","format":"standard","meta":{"footnotes":""},"categories":[1],"tags":[],"class_list":["post-750","post","type-post","status-publish","format-standard","hentry","category-egyeb"],"_links":{"self":[{"href":"http:\/\/jozsa.adventista.hu\/index.php?rest_route=\/wp\/v2\/posts\/750","targetHints":{"allow":["GET"]}}],"collection":[{"href":"http:\/\/jozsa.adventista.hu\/index.php?rest_route=\/wp\/v2\/posts"}],"about":[{"href":"http:\/\/jozsa.adventista.hu\/index.php?rest_route=\/wp\/v2\/types\/post"}],"author":[{"embeddable":true,"href":"http:\/\/jozsa.adventista.hu\/index.php?rest_route=\/wp\/v2\/users\/1"}],"replies":[{"embeddable":true,"href":"http:\/\/jozsa.adventista.hu\/index.php?rest_route=%2Fwp%2Fv2%2Fcomments&post=750"}],"version-history":[{"count":1,"href":"http:\/\/jozsa.adventista.hu\/index.php?rest_route=\/wp\/v2\/posts\/750\/revisions"}],"predecessor-version":[{"id":752,"href":"http:\/\/jozsa.adventista.hu\/index.php?rest_route=\/wp\/v2\/posts\/750\/revisions\/752"}],"wp:attachment":[{"href":"http:\/\/jozsa.adventista.hu\/index.php?rest_route=%2Fwp%2Fv2%2Fmedia&parent=750"}],"wp:term":[{"taxonomy":"category","embeddable":true,"href":"http:\/\/jozsa.adventista.hu\/index.php?rest_route=%2Fwp%2Fv2%2Fcategories&post=750"},{"taxonomy":"post_tag","embeddable":true,"href":"http:\/\/jozsa.adventista.hu\/index.php?rest_route=%2Fwp%2Fv2%2Ftags&post=750"}],"curies":[{"name":"wp","href":"https:\/\/api.w.org\/{rel}","templated":true}]}}