{"id":689,"date":"2016-09-14T21:18:26","date_gmt":"2016-09-14T19:18:26","guid":{"rendered":"http:\/\/jozsa.adventista.hu\/?p=689"},"modified":"2016-09-14T21:19:51","modified_gmt":"2016-09-14T19:19:51","slug":"lelki-navigacio","status":"publish","type":"post","link":"http:\/\/jozsa.adventista.hu\/?p=689","title":{"rendered":"Lelki navig\u00e1ci\u00f3"},"content":{"rendered":"<p>\u00daTON AZ EG\u00c9SZS\u00c9GES \u00c9RZELEMVIL\u00c1G FEL\u00c9<\/p>\n<p>Sorozatunkban olyan \u00e9letk\u00e9rd\u00e9seket tett\u00fcnk fel, amelyek megv\u00e1laszolatlans\u00e1ga akad\u00e1lyozhat benn\u00fcnket \u00e9letutunkon. Ment\u00e1lhigi\u00e9n\u00e9s szeml\u00e9lettel \u00e9s bibliai alapokon keress\u00fck a kivezet\u0151 utat elakad\u00e1sainkb\u00f3l \u00fagy, hogy r\u00e1tal\u00e1ljunk a mindannyiunk rendelkez\u00e9s\u00e9re \u00e1ll\u00f3 er\u0151forr\u00e1sokra.<\/p>\n<p>Az el\u0151ad\u00e1sok helye: J\u00f3zsai k\u00f6z\u00f6ss\u00e9gi h\u00e1z.<\/p>\n<p>2016. szeptember 15. 17:00 \u00f3ra &#8222;Ablakmos\u00e1s&#8221;\u00a0Az \u00f6n\u00e1m\u00edt\u00e1st\u00f3l a tiszt\u00e1nl\u00e1t\u00e1sig<\/p>\n<p>&nbsp;<\/p>\n<p>&nbsp;<\/p>\n<p><a href=\"http:\/\/jozsa.adventista.hu\/05\/wp-content\/uploads\/2016\/09\/lelkinav.jpg\" rel=\"attachment wp-att-690\"><img loading=\"lazy\" decoding=\"async\" class=\"aligncenter size-large wp-image-690\" src=\"http:\/\/jozsa.adventista.hu\/05\/wp-content\/uploads\/2016\/09\/lelkinav-721x1024.jpg\" alt=\"lelkinav\" width=\"654\" height=\"929\" srcset=\"http:\/\/jozsa.adventista.hu\/05\/wp-content\/uploads\/2016\/09\/lelkinav-721x1024.jpg 721w, http:\/\/jozsa.adventista.hu\/05\/wp-content\/uploads\/2016\/09\/lelkinav-211x300.jpg 211w, http:\/\/jozsa.adventista.hu\/05\/wp-content\/uploads\/2016\/09\/lelkinav-768x1091.jpg 768w, http:\/\/jozsa.adventista.hu\/05\/wp-content\/uploads\/2016\/09\/lelkinav-1x1.jpg 1w, http:\/\/jozsa.adventista.hu\/05\/wp-content\/uploads\/2016\/09\/lelkinav.jpg 1149w\" sizes=\"auto, (max-width: 654px) 100vw, 654px\" \/><\/a><\/p>\n","protected":false},"excerpt":{"rendered":"<p>\u00daTON AZ EG\u00c9SZS\u00c9GES \u00c9RZELEMVIL\u00c1G FEL\u00c9 Sorozatunkban olyan \u00e9letk\u00e9rd\u00e9seket tett\u00fcnk fel, amelyek megv\u00e1laszolatlans\u00e1ga akad\u00e1lyozhat benn\u00fcnket \u00e9letutunkon. Ment\u00e1lhigi\u00e9n\u00e9s szeml\u00e9lettel \u00e9s bibliai alapokon keress\u00fck a kivezet\u0151 utat elakad\u00e1sainkb\u00f3l \u00fagy, hogy r\u00e1tal\u00e1ljunk a mindannyiunk rendelkez\u00e9s\u00e9re \u00e1ll\u00f3 er\u0151forr\u00e1sokra. Az el\u0151ad\u00e1sok helye: J\u00f3zsai k\u00f6z\u00f6ss\u00e9gi h\u00e1z. 2016. szeptember 15. 17:00 \u00f3ra &#8222;Ablakmos\u00e1s&#8221;\u00a0Az \u00f6n\u00e1m\u00edt\u00e1st\u00f3l a tiszt\u00e1nl\u00e1t\u00e1sig &nbsp; &nbsp;<\/p>\n","protected":false},"author":1,"featured_media":0,"comment_status":"open","ping_status":"open","sticky":false,"template":"","format":"standard","meta":{"footnotes":""},"categories":[3],"tags":[],"class_list":["post-689","post","type-post","status-publish","format-standard","hentry","category-news"],"_links":{"self":[{"href":"http:\/\/jozsa.adventista.hu\/index.php?rest_route=\/wp\/v2\/posts\/689","targetHints":{"allow":["GET"]}}],"collection":[{"href":"http:\/\/jozsa.adventista.hu\/index.php?rest_route=\/wp\/v2\/posts"}],"about":[{"href":"http:\/\/jozsa.adventista.hu\/index.php?rest_route=\/wp\/v2\/types\/post"}],"author":[{"embeddable":true,"href":"http:\/\/jozsa.adventista.hu\/index.php?rest_route=\/wp\/v2\/users\/1"}],"replies":[{"embeddable":true,"href":"http:\/\/jozsa.adventista.hu\/index.php?rest_route=%2Fwp%2Fv2%2Fcomments&post=689"}],"version-history":[{"count":2,"href":"http:\/\/jozsa.adventista.hu\/index.php?rest_route=\/wp\/v2\/posts\/689\/revisions"}],"predecessor-version":[{"id":692,"href":"http:\/\/jozsa.adventista.hu\/index.php?rest_route=\/wp\/v2\/posts\/689\/revisions\/692"}],"wp:attachment":[{"href":"http:\/\/jozsa.adventista.hu\/index.php?rest_route=%2Fwp%2Fv2%2Fmedia&parent=689"}],"wp:term":[{"taxonomy":"category","embeddable":true,"href":"http:\/\/jozsa.adventista.hu\/index.php?rest_route=%2Fwp%2Fv2%2Fcategories&post=689"},{"taxonomy":"post_tag","embeddable":true,"href":"http:\/\/jozsa.adventista.hu\/index.php?rest_route=%2Fwp%2Fv2%2Ftags&post=689"}],"curies":[{"name":"wp","href":"https:\/\/api.w.org\/{rel}","templated":true}]}}