{"id":669,"date":"2016-03-05T09:57:05","date_gmt":"2016-03-05T08:57:05","guid":{"rendered":"http:\/\/jozsa.adventista.hu\/?p=669"},"modified":"2016-10-17T17:13:08","modified_gmt":"2016-10-17T15:13:08","slug":"egy-darabka-afrika-jozsan","status":"publish","type":"post","link":"http:\/\/jozsa.adventista.hu\/?p=669","title":{"rendered":"Egy darabka Afrika J\u00f3zs\u00e1n"},"content":{"rendered":"<p>A Hajd\u00fa-Bihari Napl\u00f3 2016. m\u00e1rcius 4-\u00e9n k\u00f6z\u00f6lte:<br \/>\n<a href=\"http:\/\/jozsa.adventista.hu\/05\/wp-content\/uploads\/2016\/03\/Egy-darabka-Afrika-J\u00f3zs\u00e1n-Hajd\u00fa-bihari-Napl\u00f3-2016.03.04.png\" rel=\"attachment wp-att-670\"><img loading=\"lazy\" decoding=\"async\" class=\"aligncenter size-full wp-image-670\" src=\"http:\/\/jozsa.adventista.hu\/05\/wp-content\/uploads\/2016\/03\/Egy-darabka-Afrika-J\u00f3zs\u00e1n-Hajd\u00fa-bihari-Napl\u00f3-2016.03.04.png\" alt=\"Egy darabka Afrika J\u00f3zs\u00e1n - Hajd\u00fa-bihari Napl\u00f3 - 2016.03.04\" width=\"676\" height=\"655\" srcset=\"http:\/\/jozsa.adventista.hu\/05\/wp-content\/uploads\/2016\/03\/Egy-darabka-Afrika-J\u00f3zs\u00e1n-Hajd\u00fa-bihari-Napl\u00f3-2016.03.04.png 676w, http:\/\/jozsa.adventista.hu\/05\/wp-content\/uploads\/2016\/03\/Egy-darabka-Afrika-J\u00f3zs\u00e1n-Hajd\u00fa-bihari-Napl\u00f3-2016.03.04-300x291.png 300w, http:\/\/jozsa.adventista.hu\/05\/wp-content\/uploads\/2016\/03\/Egy-darabka-Afrika-J\u00f3zs\u00e1n-Hajd\u00fa-bihari-Napl\u00f3-2016.03.04-1x1.png 1w\" sizes=\"auto, (max-width: 676px) 100vw, 676px\" \/><\/a><\/p>\n","protected":false},"excerpt":{"rendered":"<p>A Hajd\u00fa-Bihari Napl\u00f3 2016. m\u00e1rcius 4-\u00e9n k\u00f6z\u00f6lte:<\/p>\n","protected":false},"author":1,"featured_media":0,"comment_status":"open","ping_status":"open","sticky":false,"template":"","format":"standard","meta":{"footnotes":""},"categories":[1,3],"tags":[],"class_list":["post-669","post","type-post","status-publish","format-standard","hentry","category-egyeb","category-news"],"_links":{"self":[{"href":"http:\/\/jozsa.adventista.hu\/index.php?rest_route=\/wp\/v2\/posts\/669","targetHints":{"allow":["GET"]}}],"collection":[{"href":"http:\/\/jozsa.adventista.hu\/index.php?rest_route=\/wp\/v2\/posts"}],"about":[{"href":"http:\/\/jozsa.adventista.hu\/index.php?rest_route=\/wp\/v2\/types\/post"}],"author":[{"embeddable":true,"href":"http:\/\/jozsa.adventista.hu\/index.php?rest_route=\/wp\/v2\/users\/1"}],"replies":[{"embeddable":true,"href":"http:\/\/jozsa.adventista.hu\/index.php?rest_route=%2Fwp%2Fv2%2Fcomments&post=669"}],"version-history":[{"count":1,"href":"http:\/\/jozsa.adventista.hu\/index.php?rest_route=\/wp\/v2\/posts\/669\/revisions"}],"predecessor-version":[{"id":671,"href":"http:\/\/jozsa.adventista.hu\/index.php?rest_route=\/wp\/v2\/posts\/669\/revisions\/671"}],"wp:attachment":[{"href":"http:\/\/jozsa.adventista.hu\/index.php?rest_route=%2Fwp%2Fv2%2Fmedia&parent=669"}],"wp:term":[{"taxonomy":"category","embeddable":true,"href":"http:\/\/jozsa.adventista.hu\/index.php?rest_route=%2Fwp%2Fv2%2Fcategories&post=669"},{"taxonomy":"post_tag","embeddable":true,"href":"http:\/\/jozsa.adventista.hu\/index.php?rest_route=%2Fwp%2Fv2%2Ftags&post=669"}],"curies":[{"name":"wp","href":"https:\/\/api.w.org\/{rel}","templated":true}]}}