{"id":594,"date":"2015-04-04T12:33:51","date_gmt":"2015-04-04T12:33:51","guid":{"rendered":"http:\/\/adventista.hu\/jozsa\/?p=594"},"modified":"2015-04-26T12:41:13","modified_gmt":"2015-04-26T12:41:13","slug":"husveti-jotekonysagi-hangverseny","status":"publish","type":"post","link":"http:\/\/jozsa.adventista.hu\/?p=594","title":{"rendered":"H\u00fasv\u00e9ti j\u00f3t\u00e9konys\u00e1gi hangverseny"},"content":{"rendered":"<p>2015. m\u00e1rcius 28-\u00e1n rendezt\u00fck meg gy\u00fclekez\u00fcnk k\u00f3rus\u00e1nak h\u00fasv\u00e9ti hangverseny\u00e9t, amit id\u00e9n j\u00f3t\u00e9konys\u00e1gi hangverseny volt J\u00f3zsai Seg\u00edt\u0151 Szolg\u00e1lat jav\u00e1ra.<\/p>\n<p>A H\u00fasv\u00e9t jelent\u0151s\u00e9g\u00e9t az \u00e9nekeken t\u00fal fiatal sz\u00ednj\u00e1tsz\u00f3k jelen\u00edtett\u00e9k meg. A Tiszavasv\u00e1rib\u00f3l \u00e9rkezett TELSE (Tiszamenti Emberek Lelki Seg\u00edt\u0151 Egyes\u00fclete) eg\u00e9szs\u00e9ges \u00e9s fogyat\u00e9kkal \u00e9l\u0151 emberekb\u0151l,- javar\u00e9szt fiatalokb\u00f3l &#8211; \u00e1ll\u00f3 sz\u00ednj\u00e1tsz\u00f3 csoportja el\u0151adta \u00a0&#8222;Az utols\u00f3 vacsor\u00e1t\u00f3l a Golgot\u00e1ig&#8221; c\u00edm\u0171 bibliai dr\u00e1ma feldolgoz\u00e1st, amelyet a k\u00f6z\u00f6ns\u00e9g vastapsa koron\u00e1zott meg.<\/p>\n<p>A d\u00e9lut\u00e1n \u00a0folyam\u00e1n \u00f6sszegy\u0171lt adom\u00e1ny &#8211; 41330 Ft- a J\u00f3zsai Seg\u00edt\u0151 Szolg\u00e1lat \u00a0munk\u00e1j\u00e1t t\u00e1mogatja.<\/p>\n<p>Az esem\u00e9nyr\u0151l els\u0151k\u00e9nt a Hajd\u00fa Online internetes port\u00e1l k\u00f6z\u00f6lt k\u00e9pes <a href=\"http:\/\/www.haon.hu\/unnepre-hangolo-hangverseny\/2797263\">riportot<\/a>.<a href=\"http:\/\/www.haon.hu\/unnepre-hangolo-hangverseny\/2797263\" target=\"_blank\"><img loading=\"lazy\" decoding=\"async\" class=\"aligncenter  wp-image-596\" src=\"http:\/\/adventista.hu\/jozsa\/05\/wp-content\/uploads\/2015\/04\/haon_husvet_jozsai_korus.png\" alt=\"haon_husvet_jozsai_korus\" width=\"612\" height=\"594\" srcset=\"http:\/\/jozsa.adventista.hu\/05\/wp-content\/uploads\/2015\/04\/haon_husvet_jozsai_korus.png 616w, http:\/\/jozsa.adventista.hu\/05\/wp-content\/uploads\/2015\/04\/haon_husvet_jozsai_korus-300x291.png 300w, http:\/\/jozsa.adventista.hu\/05\/wp-content\/uploads\/2015\/04\/haon_husvet_jozsai_korus-1x1.png 1w\" sizes=\"auto, (max-width: 612px) 100vw, 612px\" \/><\/a><\/p>\n<p>Ezen kiv\u0171l a <a href=\"http:\/\/jozsanet.hu\/site.php?data[function_id]=7&amp;data[id]=3334\">jozsanet.hu<\/a><\/p>\n<p>&nbsp;<\/p>\n","protected":false},"excerpt":{"rendered":"<p>2015. m\u00e1rcius 28-\u00e1n rendezt\u00fck meg gy\u00fclekez\u00fcnk k\u00f3rus\u00e1nak h\u00fasv\u00e9ti hangverseny\u00e9t, amit id\u00e9n j\u00f3t\u00e9konys\u00e1gi hangverseny volt J\u00f3zsai Seg\u00edt\u0151 Szolg\u00e1lat jav\u00e1ra. A H\u00fasv\u00e9t jelent\u0151s\u00e9g\u00e9t az \u00e9nekeken t\u00fal fiatal sz\u00ednj\u00e1tsz\u00f3k jelen\u00edtett\u00e9k meg. A Tiszavasv\u00e1rib\u00f3l \u00e9rkezett TELSE (Tiszamenti Emberek Lelki Seg\u00edt\u0151 Egyes\u00fclete) eg\u00e9szs\u00e9ges \u00e9s fogyat\u00e9kkal \u00e9l\u0151 emberekb\u0151l,- javar\u00e9szt fiatalokb\u00f3l &#8211; \u00e1ll\u00f3 sz\u00ednj\u00e1tsz\u00f3 csoportja el\u0151adta \u00a0&#8222;Az utols\u00f3 vacsor\u00e1t\u00f3l a Golgot\u00e1ig&#8221; c\u00edm\u0171 [&hellip;]<\/p>\n","protected":false},"author":1,"featured_media":0,"comment_status":"open","ping_status":"open","sticky":false,"template":"","format":"standard","meta":{"footnotes":""},"categories":[1,3],"tags":[15,12,14],"class_list":["post-594","post","type-post","status-publish","format-standard","hentry","category-egyeb","category-news","tag-hangverseny","tag-jozsai-segito-szolgalat","tag-korus"],"_links":{"self":[{"href":"http:\/\/jozsa.adventista.hu\/index.php?rest_route=\/wp\/v2\/posts\/594","targetHints":{"allow":["GET"]}}],"collection":[{"href":"http:\/\/jozsa.adventista.hu\/index.php?rest_route=\/wp\/v2\/posts"}],"about":[{"href":"http:\/\/jozsa.adventista.hu\/index.php?rest_route=\/wp\/v2\/types\/post"}],"author":[{"embeddable":true,"href":"http:\/\/jozsa.adventista.hu\/index.php?rest_route=\/wp\/v2\/users\/1"}],"replies":[{"embeddable":true,"href":"http:\/\/jozsa.adventista.hu\/index.php?rest_route=%2Fwp%2Fv2%2Fcomments&post=594"}],"version-history":[{"count":4,"href":"http:\/\/jozsa.adventista.hu\/index.php?rest_route=\/wp\/v2\/posts\/594\/revisions"}],"predecessor-version":[{"id":599,"href":"http:\/\/jozsa.adventista.hu\/index.php?rest_route=\/wp\/v2\/posts\/594\/revisions\/599"}],"wp:attachment":[{"href":"http:\/\/jozsa.adventista.hu\/index.php?rest_route=%2Fwp%2Fv2%2Fmedia&parent=594"}],"wp:term":[{"taxonomy":"category","embeddable":true,"href":"http:\/\/jozsa.adventista.hu\/index.php?rest_route=%2Fwp%2Fv2%2Fcategories&post=594"},{"taxonomy":"post_tag","embeddable":true,"href":"http:\/\/jozsa.adventista.hu\/index.php?rest_route=%2Fwp%2Fv2%2Ftags&post=594"}],"curies":[{"name":"wp","href":"https:\/\/api.w.org\/{rel}","templated":true}]}}