{"id":504,"date":"2015-03-23T16:14:33","date_gmt":"2015-03-23T16:14:33","guid":{"rendered":"http:\/\/adventista.hu\/jozsa\/?p=504"},"modified":"2015-03-26T11:22:06","modified_gmt":"2015-03-26T11:22:06","slug":"husveti-hangverseny","status":"publish","type":"post","link":"http:\/\/jozsa.adventista.hu\/?p=504","title":{"rendered":"H\u00fasv\u00e9ti hangverseny &#8211; J\u00f3zsai Kamarak\u00f3rus"},"content":{"rendered":"<p><span style=\"color: #000000;\"><a style=\"color: #000000;\" href=\"http:\/\/adventista.hu\/jozsa\/05\/wp-content\/uploads\/2015\/03\/Husvetplakat2.jpg\"><img loading=\"lazy\" decoding=\"async\" class=\"alignleft size-medium wp-image-505\" src=\"http:\/\/adventista.hu\/jozsa\/05\/wp-content\/uploads\/2015\/03\/Husvetplakat2-212x300.jpg\" alt=\"Husvetplakat2\" width=\"212\" height=\"300\" srcset=\"http:\/\/jozsa.adventista.hu\/05\/wp-content\/uploads\/2015\/03\/Husvetplakat2-212x300.jpg 212w, http:\/\/jozsa.adventista.hu\/05\/wp-content\/uploads\/2015\/03\/Husvetplakat2-724x1024.jpg 724w, http:\/\/jozsa.adventista.hu\/05\/wp-content\/uploads\/2015\/03\/Husvetplakat2-1x1.jpg 1w\" sizes=\"auto, (max-width: 212px) 100vw, 212px\" \/><\/a><\/span><\/p>\n<p><span style=\"color: #000000;\">A j\u00f3t\u00e9konys\u00e1gi\u00a0hangversenyre a bel\u00e9p\u0151 d\u00edjtalan, \u00f6nk\u00e9ntes adom\u00e1nyaival a J\u00f3zsai Seg\u00edt\u0151 Szolg\u00e1lat munk\u00e1j\u00e1t t\u00e1mogatja.<\/span><\/p>\n<p><span style=\"color: #000000;\">K\u00f6zrem\u0171k\u00f6dnek a Tiszavasv\u00e1ri TELSE sz\u00ednj\u00e1tsz\u00f3k\u00f6r tagjai, akik a Passi\u00f3b\u00f3l adnak el\u0151 r\u00e9szleteket.<\/span><\/p>\n<p><span style=\"color: #000000;\">Ne feledj\u00e9k, akik az &#8222;Egy nap J\u00f3zs\u00e9rt&#8221; programon tombola jegyet kaptak, j\u00f6jjenek el, mert ekkor lesz a tombola sorsol\u00e1s.<\/span><\/p>\n<p><span style=\"color: #000000;\">\u00a0<\/span><\/p>\n<p><span style=\"color: #000000;\">\u00a0<\/span><\/p>\n","protected":false},"excerpt":{"rendered":"<p>A j\u00f3t\u00e9konys\u00e1gi\u00a0hangversenyre a bel\u00e9p\u0151 d\u00edjtalan, \u00f6nk\u00e9ntes adom\u00e1nyaival a J\u00f3zsai Seg\u00edt\u0151 Szolg\u00e1lat munk\u00e1j\u00e1t t\u00e1mogatja. K\u00f6zrem\u0171k\u00f6dnek a Tiszavasv\u00e1ri TELSE sz\u00ednj\u00e1tsz\u00f3k\u00f6r tagjai, akik a Passi\u00f3b\u00f3l adnak el\u0151 r\u00e9szleteket. Ne feledj\u00e9k, akik az &#8222;Egy nap J\u00f3zs\u00e9rt&#8221; programon tombola jegyet kaptak, j\u00f6jjenek el, mert ekkor lesz a tombola sorsol\u00e1s. \u00a0 \u00a0<\/p>\n","protected":false},"author":1,"featured_media":508,"comment_status":"open","ping_status":"open","sticky":false,"template":"","format":"standard","meta":{"footnotes":""},"categories":[1],"tags":[],"class_list":["post-504","post","type-post","status-publish","format-standard","has-post-thumbnail","hentry","category-egyeb"],"_links":{"self":[{"href":"http:\/\/jozsa.adventista.hu\/index.php?rest_route=\/wp\/v2\/posts\/504","targetHints":{"allow":["GET"]}}],"collection":[{"href":"http:\/\/jozsa.adventista.hu\/index.php?rest_route=\/wp\/v2\/posts"}],"about":[{"href":"http:\/\/jozsa.adventista.hu\/index.php?rest_route=\/wp\/v2\/types\/post"}],"author":[{"embeddable":true,"href":"http:\/\/jozsa.adventista.hu\/index.php?rest_route=\/wp\/v2\/users\/1"}],"replies":[{"embeddable":true,"href":"http:\/\/jozsa.adventista.hu\/index.php?rest_route=%2Fwp%2Fv2%2Fcomments&post=504"}],"version-history":[{"count":5,"href":"http:\/\/jozsa.adventista.hu\/index.php?rest_route=\/wp\/v2\/posts\/504\/revisions"}],"predecessor-version":[{"id":520,"href":"http:\/\/jozsa.adventista.hu\/index.php?rest_route=\/wp\/v2\/posts\/504\/revisions\/520"}],"wp:featuredmedia":[{"embeddable":true,"href":"http:\/\/jozsa.adventista.hu\/index.php?rest_route=\/wp\/v2\/media\/508"}],"wp:attachment":[{"href":"http:\/\/jozsa.adventista.hu\/index.php?rest_route=%2Fwp%2Fv2%2Fmedia&parent=504"}],"wp:term":[{"taxonomy":"category","embeddable":true,"href":"http:\/\/jozsa.adventista.hu\/index.php?rest_route=%2Fwp%2Fv2%2Fcategories&post=504"},{"taxonomy":"post_tag","embeddable":true,"href":"http:\/\/jozsa.adventista.hu\/index.php?rest_route=%2Fwp%2Fv2%2Ftags&post=504"}],"curies":[{"name":"wp","href":"https:\/\/api.w.org\/{rel}","templated":true}]}}