{"id":211,"date":"2011-10-11T15:38:19","date_gmt":"2011-10-11T14:38:19","guid":{"rendered":"http:\/\/sda.hu\/jozsa\/blog\/?p=211"},"modified":"2015-03-12T22:47:10","modified_gmt":"2015-03-12T22:47:10","slug":"es-napok-2011-debrecenben","status":"publish","type":"post","link":"http:\/\/jozsa.adventista.hu\/?p=211","title":{"rendered":"\u00c9S Napok 2011 &#8211; Debrecenben"},"content":{"rendered":"<p>2011 okt\u00f3ber\u00e9ben ism\u00e9t Debrecenben lesz a Hetednapi Adventista Egyh\u00e1z \u0151szi ifj\u00fas\u00e1gi tal\u00e1lkoz\u00f3ja, az \u00c9S Napok.<br \/>\nK\u00f6z\u00f6s sport, \u00e9nekl\u00e9s, istentisztelet &#8211; m\u00e1r kevesebb mint 3 h\u00e9t van h\u00e1tra! Szeretettel v\u00e1runk!<br \/>\nHelysz\u00edn: Debrecen, T\u00f3th \u00c1rp\u00e1d Gimn\u00e1zium,\u00a0Szombathi Istv\u00e1n u. 12. 4024<br \/>\nId\u0151pont: <strong>okt\u00f3ber 28.<\/strong> 16:00 &#8211; okt\u00f3ber 31.<br \/>\nKezd\u0151 alkalom: okt\u00f3ber 28. p\u00e9ntek este 19:30<br \/>\nB\u0151vebb inform\u00e1ci\u00f3, \u00e9s regisztr\u00e1ci\u00f3: <a href=\"http:\/\/esnapok.hu\" target=\"_blank\">esnapok.hu<\/a><\/p>\n<p>&nbsp;<\/p>\n","protected":false},"excerpt":{"rendered":"<p>2011 okt\u00f3ber\u00e9ben ism\u00e9t Debrecenben lesz a Hetednapi Adventista Egyh\u00e1z \u0151szi ifj\u00fas\u00e1gi tal\u00e1lkoz\u00f3ja, az \u00c9S Napok. K\u00f6z\u00f6s sport, \u00e9nekl\u00e9s, istentisztelet &#8211; m\u00e1r kevesebb mint 3 h\u00e9t van h\u00e1tra! Szeretettel v\u00e1runk! Helysz\u00edn: Debrecen, T\u00f3th \u00c1rp\u00e1d Gimn\u00e1zium,\u00a0Szombathi Istv\u00e1n u. 12. 4024 Id\u0151pont: okt\u00f3ber 28. 16:00 &#8211; okt\u00f3ber 31. Kezd\u0151 alkalom: okt\u00f3ber 28. p\u00e9ntek este 19:30 B\u0151vebb inform\u00e1ci\u00f3, \u00e9s [&hellip;]<\/p>\n","protected":false},"author":1,"featured_media":0,"comment_status":"open","ping_status":"open","sticky":false,"template":"","format":"standard","meta":{"footnotes":""},"categories":[3],"tags":[],"class_list":["post-211","post","type-post","status-publish","format-standard","hentry","category-news"],"_links":{"self":[{"href":"http:\/\/jozsa.adventista.hu\/index.php?rest_route=\/wp\/v2\/posts\/211","targetHints":{"allow":["GET"]}}],"collection":[{"href":"http:\/\/jozsa.adventista.hu\/index.php?rest_route=\/wp\/v2\/posts"}],"about":[{"href":"http:\/\/jozsa.adventista.hu\/index.php?rest_route=\/wp\/v2\/types\/post"}],"author":[{"embeddable":true,"href":"http:\/\/jozsa.adventista.hu\/index.php?rest_route=\/wp\/v2\/users\/1"}],"replies":[{"embeddable":true,"href":"http:\/\/jozsa.adventista.hu\/index.php?rest_route=%2Fwp%2Fv2%2Fcomments&post=211"}],"version-history":[{"count":1,"href":"http:\/\/jozsa.adventista.hu\/index.php?rest_route=\/wp\/v2\/posts\/211\/revisions"}],"predecessor-version":[{"id":447,"href":"http:\/\/jozsa.adventista.hu\/index.php?rest_route=\/wp\/v2\/posts\/211\/revisions\/447"}],"wp:attachment":[{"href":"http:\/\/jozsa.adventista.hu\/index.php?rest_route=%2Fwp%2Fv2%2Fmedia&parent=211"}],"wp:term":[{"taxonomy":"category","embeddable":true,"href":"http:\/\/jozsa.adventista.hu\/index.php?rest_route=%2Fwp%2Fv2%2Fcategories&post=211"},{"taxonomy":"post_tag","embeddable":true,"href":"http:\/\/jozsa.adventista.hu\/index.php?rest_route=%2Fwp%2Fv2%2Ftags&post=211"}],"curies":[{"name":"wp","href":"https:\/\/api.w.org\/{rel}","templated":true}]}}