{"id":192,"date":"2011-06-04T12:34:48","date_gmt":"2011-06-04T11:34:48","guid":{"rendered":"http:\/\/sda.hu\/jozsa\/blog\/?p=192"},"modified":"2015-03-12T22:47:10","modified_gmt":"2015-03-12T22:47:10","slug":"atf-nap-a-gyulekezetunkben","status":"publish","type":"post","link":"http:\/\/jozsa.adventista.hu\/?p=192","title":{"rendered":"ATF nap a gy\u00fclekezet\u00fcnkben"},"content":{"rendered":"<p>Kedves L\u00e1togat\u00f3!<\/p>\n<p>Az ATF nap d\u00e9lut\u00e1n 3 \u00f3r\u00e1t\u00f3l folytat\u00f3dik gy\u00fclekezet\u00fcnkben.<br \/>\nR\u00f6vid \u00e1h\u00edtat ut\u00e1n, gyakorlati bemutat\u00f3, t\u00e1j\u00e9koztat\u00f3, majd nyitott besz\u00e9lget\u00e9s k\u00f6vetkezik.<br \/>\nSzeretettel v\u00e1runk!<br \/>\n<a href=\"http:\/\/atf.adventista.hu\/\">Adventista Teol\u00f3giai F\u0151iskola <\/a><\/p>\n","protected":false},"excerpt":{"rendered":"<p>Kedves L\u00e1togat\u00f3! Az ATF nap d\u00e9lut\u00e1n 3 \u00f3r\u00e1t\u00f3l folytat\u00f3dik gy\u00fclekezet\u00fcnkben. R\u00f6vid \u00e1h\u00edtat ut\u00e1n, gyakorlati bemutat\u00f3, t\u00e1j\u00e9koztat\u00f3, majd nyitott besz\u00e9lget\u00e9s k\u00f6vetkezik. Szeretettel v\u00e1runk! Adventista Teol\u00f3giai F\u0151iskola<\/p>\n","protected":false},"author":1,"featured_media":0,"comment_status":"open","ping_status":"open","sticky":false,"template":"","format":"standard","meta":{"footnotes":""},"categories":[3],"tags":[],"class_list":["post-192","post","type-post","status-publish","format-standard","hentry","category-news"],"_links":{"self":[{"href":"http:\/\/jozsa.adventista.hu\/index.php?rest_route=\/wp\/v2\/posts\/192","targetHints":{"allow":["GET"]}}],"collection":[{"href":"http:\/\/jozsa.adventista.hu\/index.php?rest_route=\/wp\/v2\/posts"}],"about":[{"href":"http:\/\/jozsa.adventista.hu\/index.php?rest_route=\/wp\/v2\/types\/post"}],"author":[{"embeddable":true,"href":"http:\/\/jozsa.adventista.hu\/index.php?rest_route=\/wp\/v2\/users\/1"}],"replies":[{"embeddable":true,"href":"http:\/\/jozsa.adventista.hu\/index.php?rest_route=%2Fwp%2Fv2%2Fcomments&post=192"}],"version-history":[{"count":1,"href":"http:\/\/jozsa.adventista.hu\/index.php?rest_route=\/wp\/v2\/posts\/192\/revisions"}],"predecessor-version":[{"id":452,"href":"http:\/\/jozsa.adventista.hu\/index.php?rest_route=\/wp\/v2\/posts\/192\/revisions\/452"}],"wp:attachment":[{"href":"http:\/\/jozsa.adventista.hu\/index.php?rest_route=%2Fwp%2Fv2%2Fmedia&parent=192"}],"wp:term":[{"taxonomy":"category","embeddable":true,"href":"http:\/\/jozsa.adventista.hu\/index.php?rest_route=%2Fwp%2Fv2%2Fcategories&post=192"},{"taxonomy":"post_tag","embeddable":true,"href":"http:\/\/jozsa.adventista.hu\/index.php?rest_route=%2Fwp%2Fv2%2Ftags&post=192"}],"curies":[{"name":"wp","href":"https:\/\/api.w.org\/{rel}","templated":true}]}}