{"id":188,"date":"2011-04-14T17:14:44","date_gmt":"2011-04-14T16:14:44","guid":{"rendered":"http:\/\/sda.hu\/jozsa\/blog\/?p=188"},"modified":"2015-03-12T22:47:10","modified_gmt":"2015-03-12T22:47:10","slug":"korustalalkozo-2","status":"publish","type":"post","link":"http:\/\/jozsa.adventista.hu\/?p=188","title":{"rendered":"K\u00f3rustal\u00e1lkoz\u00f3"},"content":{"rendered":"<p>Gy\u00fclekezet\u00fcnkben ezen a h\u00e9tv\u00e9g\u00e9n nem tartunk \u00f6sszegy\u0171l\u00e9st.<br \/>\nP\u00e9ntek este szeretettel v\u00e1runk a debreceni adventista gy\u00fclekezetbe az Agnus Dei k\u00f3rus koncertj\u00e9re 6 \u00f3r\u00e1ra (Fazekas Mih\u00e1ly u. 7).<br \/>\n2011. \u00e1prilis 16-\u00e1n szombaton 10 \u00f3r\u00e1t\u00f3l \u00fcnnep\u00e9lyes beiktat\u00f3 istentisztelet, 14 \u00f3r\u00e1t\u00f3l pedig k\u00f3rustal\u00e1lkoz\u00f3 lesz a Vasutas Egyet\u00e9rt\u00e9s M\u0171vel\u0151d\u00e9si K\u00f6zpont Sz\u00ednh\u00e1zterm\u00e9ben, Debrecenben. (<a title=\"T\u00e9rk\u00e9p\" href=\"http:\/\/maps.google.hu\/maps?f=q&amp;source=s_q&amp;hl=hu&amp;geocode=&amp;q=Debrecen,+Farakt%C3%A1r+utca+67&amp;aq=t&amp;sll=47.15984,19.500732&amp;sspn=5.520444,11.195068&amp;ie=UTF8&amp;hq=&amp;hnear=4034+Debrecen,+Farakt%C3%A1r+utca+67&amp;z=16\" target=\"_blank\">Farakt\u00e1r utca 67.<\/a>)<br \/>\n<img loading=\"lazy\" decoding=\"async\" class=\"alignnone\" src=\"http:\/\/tet.adventista.hu\/0\/images\/stories\/hirek\/b_008.png\" alt=\"\" width=\"250\" height=\"188\" \/> <img loading=\"lazy\" decoding=\"async\" src=\"http:\/\/tet.adventista.hu\/0\/images\/stories\/hirek\/b_007.png\" alt=\"\" width=\"252\" height=\"189\" \/><\/p>\n","protected":false},"excerpt":{"rendered":"<p>Gy\u00fclekezet\u00fcnkben ezen a h\u00e9tv\u00e9g\u00e9n nem tartunk \u00f6sszegy\u0171l\u00e9st. P\u00e9ntek este szeretettel v\u00e1runk a debreceni adventista gy\u00fclekezetbe az Agnus Dei k\u00f3rus koncertj\u00e9re 6 \u00f3r\u00e1ra (Fazekas Mih\u00e1ly u. 7). 2011. \u00e1prilis 16-\u00e1n szombaton 10 \u00f3r\u00e1t\u00f3l \u00fcnnep\u00e9lyes beiktat\u00f3 istentisztelet, 14 \u00f3r\u00e1t\u00f3l pedig k\u00f3rustal\u00e1lkoz\u00f3 lesz a Vasutas Egyet\u00e9rt\u00e9s M\u0171vel\u0151d\u00e9si K\u00f6zpont Sz\u00ednh\u00e1zterm\u00e9ben, Debrecenben. (Farakt\u00e1r utca 67.)<\/p>\n","protected":false},"author":1,"featured_media":0,"comment_status":"open","ping_status":"open","sticky":false,"template":"","format":"standard","meta":{"footnotes":""},"categories":[3],"tags":[],"class_list":["post-188","post","type-post","status-publish","format-standard","hentry","category-news"],"_links":{"self":[{"href":"http:\/\/jozsa.adventista.hu\/index.php?rest_route=\/wp\/v2\/posts\/188","targetHints":{"allow":["GET"]}}],"collection":[{"href":"http:\/\/jozsa.adventista.hu\/index.php?rest_route=\/wp\/v2\/posts"}],"about":[{"href":"http:\/\/jozsa.adventista.hu\/index.php?rest_route=\/wp\/v2\/types\/post"}],"author":[{"embeddable":true,"href":"http:\/\/jozsa.adventista.hu\/index.php?rest_route=\/wp\/v2\/users\/1"}],"replies":[{"embeddable":true,"href":"http:\/\/jozsa.adventista.hu\/index.php?rest_route=%2Fwp%2Fv2%2Fcomments&post=188"}],"version-history":[{"count":1,"href":"http:\/\/jozsa.adventista.hu\/index.php?rest_route=\/wp\/v2\/posts\/188\/revisions"}],"predecessor-version":[{"id":453,"href":"http:\/\/jozsa.adventista.hu\/index.php?rest_route=\/wp\/v2\/posts\/188\/revisions\/453"}],"wp:attachment":[{"href":"http:\/\/jozsa.adventista.hu\/index.php?rest_route=%2Fwp%2Fv2%2Fmedia&parent=188"}],"wp:term":[{"taxonomy":"category","embeddable":true,"href":"http:\/\/jozsa.adventista.hu\/index.php?rest_route=%2Fwp%2Fv2%2Fcategories&post=188"},{"taxonomy":"post_tag","embeddable":true,"href":"http:\/\/jozsa.adventista.hu\/index.php?rest_route=%2Fwp%2Fv2%2Ftags&post=188"}],"curies":[{"name":"wp","href":"https:\/\/api.w.org\/{rel}","templated":true}]}}