{"id":180,"date":"2011-03-19T18:58:26","date_gmt":"2011-03-19T17:58:26","guid":{"rendered":"http:\/\/sda.hu\/jozsa\/blog\/?p=180"},"modified":"2015-03-12T22:47:11","modified_gmt":"2015-03-12T22:47:11","slug":"merre-keressem","status":"publish","type":"post","link":"http:\/\/jozsa.adventista.hu\/?p=180","title":{"rendered":"Merre keressem?"},"content":{"rendered":"<p><img loading=\"lazy\" decoding=\"async\" class=\"alignleft\" src=\"http:\/\/adventim.hu\/files\/products\/Merre%20keressem...jpg\" alt=\"\" width=\"190\" height=\"290\" \/><\/p>\n<p>Sok szeretettel v\u00e1runk szerda est\u00e9nk\u00e9nt<br \/>\n<strong>Merre keressem?<\/strong> c\u00edm\u0171 sorozatunkra.<br \/>\nA dokumentumfilmsorozat az emberis\u00e9g<br \/>\nnagy k\u00e9rd\u00e9seire keresi a v\u00e1laszt, amelyeket<br \/>\naz egyes r\u00e9szek megtekint\u00e9se ut\u00e1n k\u00f6z\u00f6sen<br \/>\nmeg is fogunk besz\u00e9lni.<\/p>\n<p>2011. m\u00e1rcius 23-\u00e1n, <strong>szerda este 18 \u00f3ra<\/strong>kor szeretettel v\u00e1runk a\u00a0 &#8222;Merre keressem a halhatatlans\u00e1got?&#8221; c\u00edm\u0171<br \/>\nkezd\u0151 r\u00e9szre.<\/p>\n","protected":false},"excerpt":{"rendered":"<p>Sok szeretettel v\u00e1runk szerda est\u00e9nk\u00e9nt Merre keressem? c\u00edm\u0171 sorozatunkra. A dokumentumfilmsorozat az emberis\u00e9g nagy k\u00e9rd\u00e9seire keresi a v\u00e1laszt, amelyeket az egyes r\u00e9szek megtekint\u00e9se ut\u00e1n k\u00f6z\u00f6sen meg is fogunk besz\u00e9lni. 2011. m\u00e1rcius 23-\u00e1n, szerda este 18 \u00f3rakor szeretettel v\u00e1runk a\u00a0 &#8222;Merre keressem a halhatatlans\u00e1got?&#8221; c\u00edm\u0171 kezd\u0151 r\u00e9szre.<\/p>\n","protected":false},"author":1,"featured_media":0,"comment_status":"open","ping_status":"open","sticky":false,"template":"","format":"standard","meta":{"footnotes":""},"categories":[3],"tags":[],"class_list":["post-180","post","type-post","status-publish","format-standard","hentry","category-news"],"_links":{"self":[{"href":"http:\/\/jozsa.adventista.hu\/index.php?rest_route=\/wp\/v2\/posts\/180","targetHints":{"allow":["GET"]}}],"collection":[{"href":"http:\/\/jozsa.adventista.hu\/index.php?rest_route=\/wp\/v2\/posts"}],"about":[{"href":"http:\/\/jozsa.adventista.hu\/index.php?rest_route=\/wp\/v2\/types\/post"}],"author":[{"embeddable":true,"href":"http:\/\/jozsa.adventista.hu\/index.php?rest_route=\/wp\/v2\/users\/1"}],"replies":[{"embeddable":true,"href":"http:\/\/jozsa.adventista.hu\/index.php?rest_route=%2Fwp%2Fv2%2Fcomments&post=180"}],"version-history":[{"count":1,"href":"http:\/\/jozsa.adventista.hu\/index.php?rest_route=\/wp\/v2\/posts\/180\/revisions"}],"predecessor-version":[{"id":455,"href":"http:\/\/jozsa.adventista.hu\/index.php?rest_route=\/wp\/v2\/posts\/180\/revisions\/455"}],"wp:attachment":[{"href":"http:\/\/jozsa.adventista.hu\/index.php?rest_route=%2Fwp%2Fv2%2Fmedia&parent=180"}],"wp:term":[{"taxonomy":"category","embeddable":true,"href":"http:\/\/jozsa.adventista.hu\/index.php?rest_route=%2Fwp%2Fv2%2Fcategories&post=180"},{"taxonomy":"post_tag","embeddable":true,"href":"http:\/\/jozsa.adventista.hu\/index.php?rest_route=%2Fwp%2Fv2%2Ftags&post=180"}],"curies":[{"name":"wp","href":"https:\/\/api.w.org\/{rel}","templated":true}]}}