{"id":131,"date":"2011-02-26T15:58:51","date_gmt":"2011-02-26T14:58:51","guid":{"rendered":"http:\/\/sda.hu\/jozsa\/blog\/?p=131"},"modified":"2011-02-26T15:58:51","modified_gmt":"2011-02-26T14:58:51","slug":"a-bizakodo-elet-titkai","status":"publish","type":"post","link":"http:\/\/jozsa.adventista.hu\/?p=131","title":{"rendered":"A bizakod\u00f3 \u00e9let titkai"},"content":{"rendered":"<p><img loading=\"lazy\" decoding=\"async\" class=\"alignright\" src=\"http:\/\/remenytv.hu\/net2011\/logo.png\" alt=\"\" width=\"235\" height=\"90\" \/>Sok szeretettel v\u00e1runk <strong>A bizakod\u00f3 \u00e9let titkai <\/strong>c\u00edm\u0171 el\u0151ad\u00e1ssorozat vet\u00edt\u00e9s\u00e9re k\u00f6z\u00f6ss\u00e9g\u00fcnkbe, amelyet <strong>febru\u00e1r 26-t\u00f3l m\u00e1rcius 13-ig <\/strong>tartunk <strong>szombat, h\u00e9tf\u0151, szerda \u00e9s p\u00e9ntek<\/strong>i napokon, <strong>18 \u00f3r\u00e1t\u00f3l<\/strong>. Helysz\u00edn: <a title=\"T\u00e9rk\u00e9p\" href=\"http:\/\/sda.hu\/jozsa\/9\/maps.php\" target=\"_blank\">k\u00f6z\u00f6ss\u00e9gi h\u00e1zunk<\/a><br \/>\nTov\u00e1bbi inform\u00e1ci\u00f3k: <a href=\"http:\/\/bizakodoelet.ro\" target=\"_blank\">bizakodoelet.ro<\/a> <a href=\"http:\/\/remenytv.hu\/\" target=\"_blank\">remenytv.hu<\/a> <a title=\"T\u00e9rk\u00e9p\" href=\"http:\/\/sda.hu\/jozsa\/9\/maps.php\" target=\"_blank\"><object style=\"width: 520px; height: 428px;\" classid=\"clsid:d27cdb6e-ae6d-11cf-96b8-444553540000\" width=\"520\" height=\"428\" codebase=\"http:\/\/download.macromedia.com\/pub\/shockwave\/cabs\/flash\/swflash.cab#version=6,0,40,0\"><param name=\"quality\" value=\"high\" \/><param name=\"scale\" value=\"noborder\" \/><param name=\"src\" value=\"http:\/\/www.youtube.com\/v\/yMxpJHjFmec&amp;feature\" \/><param name=\"align\" value=\"top\" \/><embed style=\"width: 520px; height: 428px;\" type=\"application\/x-shockwave-flash\" width=\"520\" height=\"428\" src=\"http:\/\/www.youtube.com\/v\/yMxpJHjFmec&amp;feature\" align=\"top\" scale=\"noborder\" quality=\"high\"><\/embed><\/object><\/a><\/p>\n","protected":false},"excerpt":{"rendered":"<p>Sok szeretettel v\u00e1runk A bizakod\u00f3 \u00e9let titkai c\u00edm\u0171 el\u0151ad\u00e1ssorozat vet\u00edt\u00e9s\u00e9re k\u00f6z\u00f6ss\u00e9g\u00fcnkbe, amelyet febru\u00e1r 26-t\u00f3l m\u00e1rcius 13-ig tartunk szombat, h\u00e9tf\u0151, szerda \u00e9s p\u00e9nteki napokon, 18 \u00f3r\u00e1t\u00f3l. Helysz\u00edn: k\u00f6z\u00f6ss\u00e9gi h\u00e1zunk Tov\u00e1bbi inform\u00e1ci\u00f3k: bizakodoelet.ro remenytv.hu<\/p>\n","protected":false},"author":1,"featured_media":0,"comment_status":"open","ping_status":"open","sticky":false,"template":"","format":"standard","meta":{"footnotes":""},"categories":[1],"tags":[],"class_list":["post-131","post","type-post","status-publish","format-standard","hentry","category-egyeb"],"_links":{"self":[{"href":"http:\/\/jozsa.adventista.hu\/index.php?rest_route=\/wp\/v2\/posts\/131","targetHints":{"allow":["GET"]}}],"collection":[{"href":"http:\/\/jozsa.adventista.hu\/index.php?rest_route=\/wp\/v2\/posts"}],"about":[{"href":"http:\/\/jozsa.adventista.hu\/index.php?rest_route=\/wp\/v2\/types\/post"}],"author":[{"embeddable":true,"href":"http:\/\/jozsa.adventista.hu\/index.php?rest_route=\/wp\/v2\/users\/1"}],"replies":[{"embeddable":true,"href":"http:\/\/jozsa.adventista.hu\/index.php?rest_route=%2Fwp%2Fv2%2Fcomments&post=131"}],"version-history":[{"count":0,"href":"http:\/\/jozsa.adventista.hu\/index.php?rest_route=\/wp\/v2\/posts\/131\/revisions"}],"wp:attachment":[{"href":"http:\/\/jozsa.adventista.hu\/index.php?rest_route=%2Fwp%2Fv2%2Fmedia&parent=131"}],"wp:term":[{"taxonomy":"category","embeddable":true,"href":"http:\/\/jozsa.adventista.hu\/index.php?rest_route=%2Fwp%2Fv2%2Fcategories&post=131"},{"taxonomy":"post_tag","embeddable":true,"href":"http:\/\/jozsa.adventista.hu\/index.php?rest_route=%2Fwp%2Fv2%2Ftags&post=131"}],"curies":[{"name":"wp","href":"https:\/\/api.w.org\/{rel}","templated":true}]}}