{"id":126,"date":"2011-01-21T09:12:31","date_gmt":"2011-01-21T08:12:31","guid":{"rendered":"http:\/\/sda.hu\/jozsa\/blog\/?p=126"},"modified":"2011-01-21T09:12:31","modified_gmt":"2011-01-21T08:12:31","slug":"a-safarsag-orome-konferencia","status":"publish","type":"post","link":"http:\/\/jozsa.adventista.hu\/?p=126","title":{"rendered":"&#8222;A s\u00e1f\u00e1rs\u00e1g \u00f6r\u00f6me&#8221; konferencia"},"content":{"rendered":"<p>Kedves L\u00e1togat\u00f3!<\/p>\n<p>2011. janu\u00e1r 22-\u00e9n szombaton nem J\u00f3zs\u00e1n, hanem Debrecenben az Adventista K\u00e1poln\u00e1ban lesz az istentisztelet eg\u00e9sz nap (Fazekas Mih\u00e1ly u. 7.).<\/p>\n<p>Gyere el te is a S\u00e1f\u00e1rs\u00e1g \u00f6r\u00f6me konferenci\u00e1ra.<\/p>\n<p>Kezd\u00e9si id\u0151pontok: 9:30, 10:30, 14:00<\/p>\n","protected":false},"excerpt":{"rendered":"<p>Kedves L\u00e1togat\u00f3! 2011. janu\u00e1r 22-\u00e9n szombaton nem J\u00f3zs\u00e1n, hanem Debrecenben az Adventista K\u00e1poln\u00e1ban lesz az istentisztelet eg\u00e9sz nap (Fazekas Mih\u00e1ly u. 7.). Gyere el te is a S\u00e1f\u00e1rs\u00e1g \u00f6r\u00f6me konferenci\u00e1ra. Kezd\u00e9si id\u0151pontok: 9:30, 10:30, 14:00<\/p>\n","protected":false},"author":1,"featured_media":0,"comment_status":"open","ping_status":"open","sticky":false,"template":"","format":"standard","meta":{"footnotes":""},"categories":[1],"tags":[],"class_list":["post-126","post","type-post","status-publish","format-standard","hentry","category-egyeb"],"_links":{"self":[{"href":"http:\/\/jozsa.adventista.hu\/index.php?rest_route=\/wp\/v2\/posts\/126","targetHints":{"allow":["GET"]}}],"collection":[{"href":"http:\/\/jozsa.adventista.hu\/index.php?rest_route=\/wp\/v2\/posts"}],"about":[{"href":"http:\/\/jozsa.adventista.hu\/index.php?rest_route=\/wp\/v2\/types\/post"}],"author":[{"embeddable":true,"href":"http:\/\/jozsa.adventista.hu\/index.php?rest_route=\/wp\/v2\/users\/1"}],"replies":[{"embeddable":true,"href":"http:\/\/jozsa.adventista.hu\/index.php?rest_route=%2Fwp%2Fv2%2Fcomments&post=126"}],"version-history":[{"count":0,"href":"http:\/\/jozsa.adventista.hu\/index.php?rest_route=\/wp\/v2\/posts\/126\/revisions"}],"wp:attachment":[{"href":"http:\/\/jozsa.adventista.hu\/index.php?rest_route=%2Fwp%2Fv2%2Fmedia&parent=126"}],"wp:term":[{"taxonomy":"category","embeddable":true,"href":"http:\/\/jozsa.adventista.hu\/index.php?rest_route=%2Fwp%2Fv2%2Fcategories&post=126"},{"taxonomy":"post_tag","embeddable":true,"href":"http:\/\/jozsa.adventista.hu\/index.php?rest_route=%2Fwp%2Fv2%2Ftags&post=126"}],"curies":[{"name":"wp","href":"https:\/\/api.w.org\/{rel}","templated":true}]}}