{"id":106,"date":"2010-11-07T11:03:25","date_gmt":"2010-11-07T10:03:25","guid":{"rendered":"http:\/\/sda.hu\/jozsa\/blog\/?p=106"},"modified":"2010-11-07T11:03:25","modified_gmt":"2010-11-07T10:03:25","slug":"reformacio-emlekunnep-es-biblialeiro-program","status":"publish","type":"post","link":"http:\/\/jozsa.adventista.hu\/?p=106","title":{"rendered":"Reform\u00e1ci\u00f3 eml\u00e9k\u00fcnnep \u00e9s Bibliale\u00edr\u00f3 program"},"content":{"rendered":"<p>2010. okt\u00f3ber 30-\u00e1n gy\u00fclekezet\u00fcnkb\u0151l t\u00f6bben is r\u00e9szt vett\u00fcnk Budapesten a Hetednapi Adventista Egyh\u00e1z \u00e1ltal szervezett Reform\u00e1ci\u00f3 eml\u00e9k\u00fcnnepen, \u00e9s az aznap d\u00e9lut\u00e1n megtartott Bibliale\u00edr\u00f3 alkalmon.<\/p>\n<p style=\"text-align: left;\"><img loading=\"lazy\" decoding=\"async\" class=\"aligncenter\" src=\"http:\/\/kepek.origo.hu\/galleriesdisplay\/upload\/\/1010\/K_zze20101030191025\/img\/n02.jpg\" alt=\"alt\" width=\"512\" height=\"342\" \/><br \/>\nD\u00e9lel\u0151tt az \u00e9nek, zene \u00e9s vers szolg\u00e1latok mellett a reform\u00e1ci\u00f3 alapt\u00e9teleir\u0151l hallhatunk igehirdet\u00e9seket.<br \/>\nD\u00e9lut\u00e1n pedig k\u00f6zel 700 fiatal \u00e9s kev\u00e9sbe fiatal \u00edrta le a teljes \u00dajsz\u00f6vets\u00e9get fejb\u0151l, k\u00e9zzel, 45 perc alatt.<br \/>\nA Folytat\u00f3dik&#8211;&gt;-ra kattintva megn\u00e9zheted az on-line k\u00f6zvet\u00edt\u00e9s felv\u00e9teleit, az <a title=\"Origo fot\u00f3riport - Bibliale\u00edr\u00f3\" href=\"http:\/\/kepek.origo.hu\/galleriesdisplay\/gdisplay?xml=\/1010\/K_zze20101030191025\/gallery.xml&amp;rovat=fotoriport\" target=\"_blank\">[origo] fot\u00f3riportj\u00e1t<\/a>, \u00e9s egy bemutat\u00f3t a Reform\u00e1ci\u00f3 alapelveir\u0151l.<!--more--><a title=\"[origo] Bibliale\u00edr\u00f3\" href=\"http:\/\/kepek.origo.hu\/galleriesdisplay\/gdisplay?xml=\/1010\/K_zze20101030191025\/gallery.xml&amp;rovat=fotoriport\" target=\"_blank\"><\/a><\/p>\n<p style=\"text-align: left;\"><a title=\"Origo fot\u00f3riport - Bibliale\u00edr\u00f3\" href=\"http:\/\/kepek.origo.hu\/galleriesdisplay\/gdisplay?xml=\/1010\/K_zze20101030191025\/gallery.xml&amp;rovat=fotoriport\" target=\"_blank\">[origo] fot\u00f3riport<\/a><br \/>\n<object id=\"utv550880\" classid=\"clsid:d27cdb6e-ae6d-11cf-96b8-444553540000\" width=\"480\" height=\"296\" codebase=\"http:\/\/download.macromedia.com\/pub\/shockwave\/cabs\/flash\/swflash.cab#version=6,0,40,0\"><param name=\"name\" value=\"utv_n_602393\" \/><param name=\"flashvars\" value=\"loc=%2F&amp;autoplay=false&amp;vid=10512518&amp;locale=en_US\" \/><param name=\"allowfullscreen\" value=\"true\" \/><param name=\"allowscriptaccess\" value=\"always\" \/><param name=\"src\" value=\"http:\/\/www.ustream.tv\/flash\/video\/10512518?v3=1\" \/><embed id=\"utv550880\" type=\"application\/x-shockwave-flash\" width=\"480\" height=\"296\" src=\"http:\/\/www.ustream.tv\/flash\/video\/10512518?v3=1\" allowscriptaccess=\"always\" allowfullscreen=\"true\" flashvars=\"loc=%2F&amp;autoplay=false&amp;vid=10512518&amp;locale=en_US\" name=\"utv_n_602393\"><\/embed><\/object><br \/>\nReform\u00e1ci\u00f3s eml\u00e9k\u00fcnnep\u00e9ly<\/p>\n<p style=\"text-align: left;\"><object id=\"utv681291\" classid=\"clsid:d27cdb6e-ae6d-11cf-96b8-444553540000\" width=\"480\" height=\"296\" codebase=\"http:\/\/download.macromedia.com\/pub\/shockwave\/cabs\/flash\/swflash.cab#version=6,0,40,0\"><param name=\"name\" value=\"utv_n_343104\" \/><param name=\"flashvars\" value=\"loc=%2F&amp;autoplay=false&amp;vid=10519436&amp;locale=en_US\" \/><param name=\"allowfullscreen\" value=\"true\" \/><param name=\"allowscriptaccess\" value=\"always\" \/><param name=\"src\" value=\"http:\/\/www.ustream.tv\/flash\/video\/10519436?v3=1\" \/><embed id=\"utv681291\" type=\"application\/x-shockwave-flash\" width=\"480\" height=\"296\" src=\"http:\/\/www.ustream.tv\/flash\/video\/10519436?v3=1\" allowscriptaccess=\"always\" allowfullscreen=\"true\" flashvars=\"loc=%2F&amp;autoplay=false&amp;vid=10519436&amp;locale=en_US\" name=\"utv_n_343104\"><\/embed><\/object><br \/>\nBibliale\u00edr\u00f3 Program<br \/>\na felv\u00e9telek\u00e9rt k\u00f6sz\u00f6net az <a href=\"http:\/\/onlineistentisztelet.hu\" target=\"_blank\">onlineistentisztelet.hu<\/a>-nak<\/p>\n<p style=\"text-align: left;\">\n<p style=\"text-align: left;\">\n<p style=\"text-align: left;\"><a title=\"[origo] Bibliale\u00edr\u00f3\" href=\"http:\/\/kepek.origo.hu\/galleriesdisplay\/gdisplay?xml=\/1010\/K_zze20101030191025\/gallery.xml&amp;rovat=fotoriport\" target=\"_blank\"><\/p>\n<div id=\"_mcePaste\" style=\"position: absolute; left: -10000px; top: 272px; width: 1px; height: 1px; overflow-x: hidden; overflow-y: hidden;\">http:\/\/kepek.origo.hu\/galleriesdisplay\/gdisplay?xml=\/1010\/K_zze20101030191025\/gallery.xml&amp;rovat=fotoriport<\/div>\n<p><\/a><\/p>\n<div class=\"prezi-player\"><!-- .prezi-player { width: 550px; } .prezi-player-links { text-align: center; } --><object id=\"prezi_vj0lnbblotxn\" classid=\"clsid:d27cdb6e-ae6d-11cf-96b8-444553540000\" width=\"550\" height=\"400\" codebase=\"http:\/\/download.macromedia.com\/pub\/shockwave\/cabs\/flash\/swflash.cab#version=6,0,40,0\"><param name=\"name\" value=\"prezi_vj0lnbblotxn\" \/><param name=\"allowfullscreen\" value=\"true\" \/><param name=\"allowscriptaccess\" value=\"always\" \/><param name=\"bgcolor\" value=\"#ffffff\" \/><param name=\"flashvars\" value=\"prezi_id=vj0lnbblotxn&amp;lock_to_path=0&amp;color=ffffff&amp;autoplay=no&amp;autohide_ctrls=0\" \/><param name=\"src\" value=\"http:\/\/prezi.com\/bin\/preziloader.swf\" \/><embed id=\"prezi_vj0lnbblotxn\" type=\"application\/x-shockwave-flash\" width=\"550\" height=\"400\" src=\"http:\/\/prezi.com\/bin\/preziloader.swf\" flashvars=\"prezi_id=vj0lnbblotxn&amp;lock_to_path=0&amp;color=ffffff&amp;autoplay=no&amp;autohide_ctrls=0\" bgcolor=\"#ffffff\" allowscriptaccess=\"always\" allowfullscreen=\"true\" name=\"prezi_vj0lnbblotxn\"><\/embed><\/object><\/p>\n<div class=\"prezi-player-links\">\n<p><a title=\"Az \u00f6t sola Five principle of reformation (in Hungarian)\" href=\"http:\/\/prezi.com\/vj0lnbblotxn\/reformacio-alapelvei\/\">Reform\u00e1ci\u00f3 alapelvei<\/a> on <a href=\"http:\/\/prezi.com\">Prezi<\/a><\/p>\n<\/div>\n<\/div>\n","protected":false},"excerpt":{"rendered":"<p>2010. okt\u00f3ber 30-\u00e1n gy\u00fclekezet\u00fcnkb\u0151l t\u00f6bben is r\u00e9szt vett\u00fcnk Budapesten a Hetednapi Adventista Egyh\u00e1z \u00e1ltal szervezett Reform\u00e1ci\u00f3 eml\u00e9k\u00fcnnepen, \u00e9s az aznap d\u00e9lut\u00e1n megtartott Bibliale\u00edr\u00f3 alkalmon. D\u00e9lel\u0151tt az \u00e9nek, zene \u00e9s vers szolg\u00e1latok mellett a reform\u00e1ci\u00f3 alapt\u00e9teleir\u0151l hallhatunk igehirdet\u00e9seket. D\u00e9lut\u00e1n pedig k\u00f6zel 700 fiatal \u00e9s kev\u00e9sbe fiatal \u00edrta le a teljes \u00dajsz\u00f6vets\u00e9get fejb\u0151l, k\u00e9zzel, 45 perc alatt. [&hellip;]<\/p>\n","protected":false},"author":1,"featured_media":0,"comment_status":"open","ping_status":"open","sticky":false,"template":"","format":"standard","meta":{"footnotes":""},"categories":[8,3],"tags":[],"class_list":["post-106","post","type-post","status-publish","format-standard","hentry","category-beszamolo","category-news"],"_links":{"self":[{"href":"http:\/\/jozsa.adventista.hu\/index.php?rest_route=\/wp\/v2\/posts\/106","targetHints":{"allow":["GET"]}}],"collection":[{"href":"http:\/\/jozsa.adventista.hu\/index.php?rest_route=\/wp\/v2\/posts"}],"about":[{"href":"http:\/\/jozsa.adventista.hu\/index.php?rest_route=\/wp\/v2\/types\/post"}],"author":[{"embeddable":true,"href":"http:\/\/jozsa.adventista.hu\/index.php?rest_route=\/wp\/v2\/users\/1"}],"replies":[{"embeddable":true,"href":"http:\/\/jozsa.adventista.hu\/index.php?rest_route=%2Fwp%2Fv2%2Fcomments&post=106"}],"version-history":[{"count":0,"href":"http:\/\/jozsa.adventista.hu\/index.php?rest_route=\/wp\/v2\/posts\/106\/revisions"}],"wp:attachment":[{"href":"http:\/\/jozsa.adventista.hu\/index.php?rest_route=%2Fwp%2Fv2%2Fmedia&parent=106"}],"wp:term":[{"taxonomy":"category","embeddable":true,"href":"http:\/\/jozsa.adventista.hu\/index.php?rest_route=%2Fwp%2Fv2%2Fcategories&post=106"},{"taxonomy":"post_tag","embeddable":true,"href":"http:\/\/jozsa.adventista.hu\/index.php?rest_route=%2Fwp%2Fv2%2Ftags&post=106"}],"curies":[{"name":"wp","href":"https:\/\/api.w.org\/{rel}","templated":true}]}}